{"id":1384,"date":"2021-09-30T05:15:06","date_gmt":"2021-09-30T10:15:06","guid":{"rendered":"https:\/\/idehpucp.pucp.edu.pe\/revista-memoria\/defensores-del-gigante\/"},"modified":"2025-04-25T09:50:57","modified_gmt":"2025-04-25T14:50:57","slug":"defensores-del-gigante","status":"publish","type":"post","link":"https:\/\/idehpucp.pucp.edu.pe\/revista-memoria\/defensores-del-gigante\/","title":{"rendered":"Defensores del gigante"},"content":{"rendered":"<p style=\"text-align: justify;\"><span style=\"font-weight: 400;\">Ensayo fotogr\u00e1fico que busca graficar la vida y rostro de los comuneros, defensores ambientales de la reserva ecol\u00f3gica de <strong>Chaparr\u00ed<\/strong>, ubicados en la comunidad campesina <strong>Muchik Santa Catalina<\/strong> de <strong>Chongoyape<\/strong> (Lambayeque). La reserva es una extensa \u00e1rea de <strong>vestigios prehisp\u00e1nicos<\/strong> y un gran <strong>bosque seco ecuatorial<\/strong>, la cual alberga especies en peligro de extinci\u00f3n como el <strong>oso de anteojos andino<\/strong> y la <strong>pava aliblanca<\/strong> (especie que se cre\u00eda extinta, pero que con recursos comunales se ha podido recuperar).\u00a0<\/span><\/p>\n<p style=\"text-align: justify;\"><span style=\"font-weight: 400;\">La comunidad viene asumiendo la <strong>defensa de su territorio<\/strong> y su \u00e1rea de conservaci\u00f3n frente a intereses de <strong>invasores y traficantes de tierras<\/strong>, quienes han desencadenado una serie de conflictos. Uno de los cr\u00edmenes que golpe\u00f3 fuertemente a la poblaci\u00f3n fue el asesinato de <strong>Jos\u00e9 Napole\u00f3n Tarrillo Astonitas<\/strong> en el 2017, teniente gobernador de El Mirador sector 3 de la comunidad. Se sospecha que los <strong>traficantes<\/strong> son financiados por algunos malos empresarios agroindustriales de la zona para despojar del t\u00edtulo de \u00e1rea protegida a la comunidad y apoderarse del territorio. A su vez, el proyecto hidr\u00e1ulico <strong>La Monter\u00eda<\/strong> ha venido siendo impulsado por el gobernador regional <strong>Anselmo Lozano<\/strong>, quien en la actualidad se encuentra detenido por delitos de corrupci\u00f3n. De ser llevado a cabo, este proyecto ser\u00eda construido sobre un \u00e1rea protegida sin consulta previa a la comunidad, hecho que ya fue denunciado por la<strong> Coordinadora Nacional de Derechos Humanos<\/strong>.\u00a0<\/span><\/p>\n<p style=\"text-align: justify;\"><span style=\"font-weight: 400;\">A los pies del Chaparr\u00ed el \u201cApu\u201d, guardi\u00e1n y s\u00edmbolo de la reserva ecol\u00f3gica, los comuneros de Muchik Santa Catalina empu\u00f1aron la<strong> defensa de la reserva ecol\u00f3gica<\/strong> que es a la vez su hogar.<\/span><\/p>\n","protected":false},"excerpt":{"rendered":"<p>Ensayo fotogr\u00e1fico que busca graficar la vida y rostro de los comuneros, defensores ambientales de la reserva ecol\u00f3gica de Chaparr\u00ed, ubicados en la comunidad campesina Muchik Santa Catalina de Chongoyape (Lambayeque). La reserva es una extensa \u00e1rea de vestigios prehisp\u00e1nicos y un gran bosque seco ecuatorial, la cual alberga especies en peligro de extinci\u00f3n como [&hellip;]<\/p>\n","protected":false},"author":6,"featured_media":3159,"comment_status":"open","ping_status":"open","sticky":false,"template":"wp-custom-template-prueba-portafolio","format":"standard","meta":{"_acf_changed":false,"_uag_custom_page_level_css":"","_swt_meta_header_display":false,"_swt_meta_footer_display":false,"_swt_meta_site_title_display":false,"_swt_meta_sticky_header":false,"_swt_meta_transparent_header":false,"footnotes":""},"categories":[8],"tags":[],"tema":[16],"class_list":["post-1384","post","type-post","status-publish","format-standard","has-post-thumbnail","hentry","category-portafolio","tema-cambio-climatico"],"acf":[],"spectra_custom_meta":{"_wp_page_template":["wp-custom-template-prueba-portafolio"],"autor_art":["997"],"resumen":[""],"nombre_del_contribuidor":["Julio Rea\u00f1o"],"rol_del_contribuidor":[""],"mensaje_del_contribuidor":["Fotoperiodista con m\u00e1s de diez a\u00f1os de trayector\u00eda, ha trabajado para publicaciones nacionales y extranjeras. Comprometido con fomentar e impulsar temas socioambientales, sus \u00faltimos trabajos personales han estado orientados a la conservaci\u00f3n del medio ambiente y la protecci\u00f3n de los derechos humanos."],"escoge_la_edicion_a_la_que_pertenece":["a:1:{i:0;s:4:\"1168\";}"],"_edit_last":["1"],"_wp_old_date":["2025-04-15"],"_edit_lock":["1745592664:1"],"destacado":["0"],"_destacado":["0"],"_uag_custom_page_level_css":[""],"_swt_meta_header_display":[""],"_swt_meta_footer_display":[""],"_swt_meta_site_title_display":[""],"_swt_meta_sticky_header":[""],"_swt_meta_transparent_header":[""],"footnotes":[""],"galeria_de_imagenes":["a:15:{i:0;s:4:\"3159\";i:1;s:4:\"3160\";i:2;s:4:\"3161\";i:3;s:4:\"3162\";i:4;s:4:\"3163\";i:5;s:4:\"3164\";i:6;s:4:\"3165\";i:7;s:4:\"3166\";i:8;s:4:\"3167\";i:9;s:4:\"3168\";i:10;s:4:\"3169\";i:11;s:4:\"3170\";i:12;s:4:\"3171\";i:13;s:4:\"3172\";i:14;s:4:\"3173\";}"],"_galeria_de_imagenes":["field_6807a8d2e683c"],"_autor_art":["field_67fe99bdf91d1"],"_resumen":["field_67ffcf88b7ce3"],"_escoge_la_edicion_a_la_que_pertenece":["field_67ffcfcd7b5fd"],"autor_sobre_texto":[""],"_autor_sobre_texto":["field_68016e45ee6ec"],"descripcion_sobre_texto":[""],"_descripcion_sobre_texto":["field_68016f2ea1b99"],"post_destacado":["0"],"_post_destacado":["field_6807f03ec85db"],"_thumbnail_id":["3159"],"rank_math_internal_links_processed":["1"],"_uag_css_file_name":["uag-css-1384.css"],"_uag_js_file_name":["uag-js-1384.js"]},"uagb_featured_image_src":{"full":["https:\/\/idehpucp.pucp.edu.pe\/revista-memoria\/wp-content\/uploads\/2021\/09\/gigante-1.webp",1140,760,false],"thumbnail":["https:\/\/idehpucp.pucp.edu.pe\/revista-memoria\/wp-content\/uploads\/2021\/09\/gigante-1-150x150.webp",150,150,true],"medium":["https:\/\/idehpucp.pucp.edu.pe\/revista-memoria\/wp-content\/uploads\/2021\/09\/gigante-1-300x200.webp",300,200,true],"medium_large":["https:\/\/idehpucp.pucp.edu.pe\/revista-memoria\/wp-content\/uploads\/2021\/09\/gigante-1-768x512.webp",768,512,true],"large":["https:\/\/idehpucp.pucp.edu.pe\/revista-memoria\/wp-content\/uploads\/2021\/09\/gigante-1-1024x683.webp",1024,683,true],"1536x1536":["https:\/\/idehpucp.pucp.edu.pe\/revista-memoria\/wp-content\/uploads\/2021\/09\/gigante-1.webp",1140,760,false],"2048x2048":["https:\/\/idehpucp.pucp.edu.pe\/revista-memoria\/wp-content\/uploads\/2021\/09\/gigante-1.webp",1140,760,false]},"uagb_author_info":{"display_name":"Direcci\u00f3n de Comunicaci\u00f3n Institucional","author_link":"https:\/\/idehpucp.pucp.edu.pe\/revista-memoria\/author\/urvmemoria\/"},"uagb_comment_info":0,"uagb_excerpt":"Ensayo fotogr\u00e1fico que busca graficar la vida y rostro de los comuneros, defensores ambientales de la reserva ecol\u00f3gica de Chaparr\u00ed, ubicados en la comunidad campesina Muchik Santa Catalina de Chongoyape (Lambayeque). La reserva es una extensa \u00e1rea de vestigios prehisp\u00e1nicos y un gran bosque seco ecuatorial, la cual alberga especies en peligro de extinci\u00f3n como&hellip;","_links":{"self":[{"href":"https:\/\/idehpucp.pucp.edu.pe\/revista-memoria\/wp-json\/wp\/v2\/posts\/1384","targetHints":{"allow":["GET"]}}],"collection":[{"href":"https:\/\/idehpucp.pucp.edu.pe\/revista-memoria\/wp-json\/wp\/v2\/posts"}],"about":[{"href":"https:\/\/idehpucp.pucp.edu.pe\/revista-memoria\/wp-json\/wp\/v2\/types\/post"}],"author":[{"embeddable":true,"href":"https:\/\/idehpucp.pucp.edu.pe\/revista-memoria\/wp-json\/wp\/v2\/users\/6"}],"replies":[{"embeddable":true,"href":"https:\/\/idehpucp.pucp.edu.pe\/revista-memoria\/wp-json\/wp\/v2\/comments?post=1384"}],"version-history":[{"count":3,"href":"https:\/\/idehpucp.pucp.edu.pe\/revista-memoria\/wp-json\/wp\/v2\/posts\/1384\/revisions"}],"predecessor-version":[{"id":3175,"href":"https:\/\/idehpucp.pucp.edu.pe\/revista-memoria\/wp-json\/wp\/v2\/posts\/1384\/revisions\/3175"}],"wp:featuredmedia":[{"embeddable":true,"href":"https:\/\/idehpucp.pucp.edu.pe\/revista-memoria\/wp-json\/wp\/v2\/media\/3159"}],"wp:attachment":[{"href":"https:\/\/idehpucp.pucp.edu.pe\/revista-memoria\/wp-json\/wp\/v2\/media?parent=1384"}],"wp:term":[{"taxonomy":"category","embeddable":true,"href":"https:\/\/idehpucp.pucp.edu.pe\/revista-memoria\/wp-json\/wp\/v2\/categories?post=1384"},{"taxonomy":"post_tag","embeddable":true,"href":"https:\/\/idehpucp.pucp.edu.pe\/revista-memoria\/wp-json\/wp\/v2\/tags?post=1384"},{"taxonomy":"tema","embeddable":true,"href":"https:\/\/idehpucp.pucp.edu.pe\/revista-memoria\/wp-json\/wp\/v2\/tema?post=1384"}],"curies":[{"name":"wp","href":"https:\/\/api.w.org\/{rel}","templated":true}]}}