{"id":1396,"date":"2022-05-11T20:08:46","date_gmt":"2022-05-12T01:08:46","guid":{"rendered":"https:\/\/idehpucp.pucp.edu.pe\/revista-memoria\/alianzas-para-controlar-el-cuerpo-de-la-mujer-peruana\/"},"modified":"2025-04-24T15:44:43","modified_gmt":"2025-04-24T20:44:43","slug":"alianzas-para-controlar-el-cuerpo-de-la-mujer-peruana","status":"publish","type":"post","link":"https:\/\/idehpucp.pucp.edu.pe\/revista-memoria\/alianzas-para-controlar-el-cuerpo-de-la-mujer-peruana\/","title":{"rendered":"Alianzas para controlar el cuerpo de la mujer peruana"},"content":{"rendered":"\n<p><span style=\"font-weight: 400;\"><strong>Resumen<\/strong>: Este art\u00edculo gira en torno a la condici\u00f3n social de las mujeres en un orden tutelar en el que, desde hace d\u00e9cadas, sus voces son ignoradas. Brinda un an\u00e1lisis de los intentos de avance en materia de g\u00e9nero desde la Constituci\u00f3n Pol\u00edtica de 1979 hasta la actualidad que, si bien visibilizaron algunas de las problem\u00e1ticas, no lograron generar un cambio cultural.&nbsp;<\/span><span style=\"font-weight: 400;\">Bajo el concepto de orden policial, en que las mujeres no tienen poder&nbsp; frente a una autoridad que decide las tareas del gobierno y el control de los cuerpos, se eval\u00faan diferentes cambios en la normativa y pol\u00edticas p\u00fablicas que no lograron dar realmente una condici\u00f3n de igualdad a las mujeres, ni consiguieron cambiar el dominio de la presencia masculina en los espacios de poder pol\u00edtico y tampoco eliminar la violencia de g\u00e9nero en el Per\u00fa. En esta l\u00ednea, tambi\u00e9n expone, de manera cr\u00edtica, las alianzas y proyectos de ley actuales que atentan directamente contra la autonom\u00eda de las mujeres para decidir sobre sus cuerpos y sobre la tenencia de sus hijos,<\/span><\/p>\n\n\n\n<p><span style=\"font-weight: 400;\"><strong>Palabras clave<\/strong>: Orden social, orden policial, pol\u00edticas p\u00fablicas, violencia contra la mujer, proyectos de ley.<\/span><\/p>\n\n\n\n<p><span style=\"font-weight: 400;\">Un cambio significativo del orden social establecido respecto de la mujer en el Per\u00fa fue producto de la Constituci\u00f3n Pol\u00edtica de 1979 que, si bien visibiliz\u00f3 a las peruanas y a sus derechos al incluir expl\u00edcitamente a la mujer en art\u00edculos sobre la persona, la familia y el trabajo, fue otorgando el voto a las personas analfabetas como la Constituci\u00f3n asign\u00f3 realmente a las mujeres la categor\u00eda ciudadana, pues para ese entonces a\u00fan la mitad de peruanas no sab\u00eda leer ni escribir, forma en la que fueron restringidas y ubicadas fuera del espacio p\u00fablico, al margen de la democracia durante 160 a\u00f1os de rep\u00fablica.<\/span><\/p>\n\n\n\n<p><span style=\"font-weight: 400;\">De hecho, podr\u00edamos considerar que el esp\u00edritu de la Constituci\u00f3n intent\u00f3 reconfigurar la ley impl\u00edcita que Jacques Ranci\u00e8re (1996) denomina \u201cpolic\u00eda\u201d u \u201corden policial\u201d, pues no solo plante\u00f3 la visibilizaci\u00f3n, integraci\u00f3n y el nuevo lugar que ocupar\u00eda el cuerpo de la mujer en este nuevo orden, sino tambi\u00e9n las tareas que le tocar\u00edan al tener los mismos derechos que el var\u00f3n. Sin embargo, como se\u00f1ala Jeanette Llaja (2009), como no se cont\u00f3 con pol\u00edticas p\u00fablicas, con un orden <\/span><i><span style=\"font-weight: 400;\">infra constitucional<\/span><\/i><span style=\"font-weight: 400;\"> que realmente cediera la condici\u00f3n de igualdad a las mujeres respecto de los hombres peruanos poco o nada se consigui\u00f3 respecto de la omnipresencia masculina en los espacios de poder pol\u00edtico en cada uno de los sectores de gobierno, en cada uno de los servicios del Estado. Poco o nada se hizo contra el lugar violento al que est\u00e1bamos confinadas las peruanas en la sociedad.&nbsp;&nbsp;<\/span><\/p>\n\n\n    <blockquote class=\"cita-avz-bloque cita-avz-izquierda\">\n                    <p class=\"cita-avz-contenido\" style=\"font-size:22px;\">\u2036El Ministerio, hoy llamado de la Mujer y Poblaciones Vulnerables y las pol\u00edticas contra la violencia y a favor de la igualdad, hasta la fecha han mejorado la visibilizaci\u00f3n de los problemas de la mujer, mas no la escucha de sus discursos, sobre todo en el sistema de atenci\u00f3n de casos de violencia de g\u00e9nero.\u00bb<\/p>\n                            <\/blockquote>\n    \n\n\n<p><span style=\"font-weight: 400;\">Enfrascado el pa\u00eds en el conflicto armado interno, que hizo tanto da\u00f1o a miles de mujeres en el Per\u00fa, quince a\u00f1os despu\u00e9s, la reconfiguraci\u00f3n del orden social recibi\u00f3 un impulso significativo durante la dictadura de Alberto Fujimori, quien, tras su participaci\u00f3n como \u201cel \u00fanico presidente entre mujeres\u201d en la Conferencia Mundial de la Mujer en Beijing (1995), decret\u00f3 la creaci\u00f3n del Ministerio de Promoci\u00f3n de la Mujer y del Desarrollo Humano (1996). Poco tiempo despu\u00e9s, se descubri\u00f3 que para el dictador no se hab\u00eda tratado de un real compromiso, sino que le era urgente proteger su imagen respecto de los actos de violencia cometidos contra su esposa, despu\u00e9s de que ella denunciara los primeros actos de corrupci\u00f3n familiares. Ejemplo de su indiferencia fue que a la par que se implementaba el Ministerio, aparentando cumplir con los indicadores de desarrollo humano que diversos organismos internacionales le demandaban, en el sector salud inici\u00f3 una violenta campa\u00f1a de esterilizaciones forzadas con dolorosas consecuencias en aproximadamente 270,000 mujeres de zonas rurales del Per\u00fa (Defensor\u00eda del Pueblo, 2010).&nbsp;<\/span><\/p>\n\n\n\n<p><span style=\"font-weight: 400;\">En lo que va de este milenio, el Ministerio, hoy llamado de la Mujer y Poblaciones Vulnerables y las pol\u00edticas contra la violencia y a favor de la igualdad, hasta la fecha han mejorado la visibilizaci\u00f3n de los problemas de la mujer, mas no la escucha de sus discursos, sobre todo en el sistema de atenci\u00f3n de casos de violencia de g\u00e9nero. La igualdad, tan s\u00f3lo es reconocida en pocos espacios p\u00fablicos y privados, usualmente urbanos y dedicados al cuidado de la poblaci\u00f3n. Para los nuevos roles y tareas a\u00fan no han establecido pr\u00e1cticas y acciones que conduzcan realmente a un cambio cultural, simplemente porque la sociedad patriarcal peruana no va a ceder. No en vano la Constituci\u00f3n de 1993 retir\u00f3 las menciones a la mujer y sus derechos de su redacci\u00f3n y, en contraste, agreg\u00f3 al concebido como sujeto de derechos en el Art\u00edculo 2, retornando a un orden que se pensaba hab\u00eda culminado al comenzar el siglo XX como se ver\u00e1 m\u00e1s adelante.&nbsp;<\/span><\/p>\n\n\n\n<figure class=\"wp-block-image aligncenter size-full wp-image-17952 size-large\"><img loading=\"lazy\" decoding=\"async\" width=\"800\" height=\"533\" src=\"https:\/\/idehpucp.pucp.edu.pe\/revista-memoria\/wp-content\/uploads\/2022\/05\/ojo-publico-800x533-1.webp\" alt=\"\" class=\"wp-image-2933\" srcset=\"https:\/\/idehpucp.pucp.edu.pe\/revista-memoria\/wp-content\/uploads\/2022\/05\/ojo-publico-800x533-1.webp 800w, https:\/\/idehpucp.pucp.edu.pe\/revista-memoria\/wp-content\/uploads\/2022\/05\/ojo-publico-800x533-1-300x200.webp 300w, https:\/\/idehpucp.pucp.edu.pe\/revista-memoria\/wp-content\/uploads\/2022\/05\/ojo-publico-800x533-1-768x512.webp 768w\" sizes=\"auto, (max-width: 800px) 100vw, 800px\" \/><figcaption class=\"wp-element-caption\">\u00abA la par que se implementaba el Ministerio de Promoci\u00f3n de la Mujer y del Desarrollo Humano, en el sector salud inici\u00f3 una violenta campa\u00f1a de esterilizaciones forzadas con dolorosas consecuencias en aproximadamente 270,000 mujeres de zonas rurales del Per\u00fa\u00bb. Foto: Salud con Lupa<\/figcaption><\/figure>\n\n\n\n<p>&nbsp;<\/p>\n\n\n\n<p><span style=\"font-weight: 400;\">Desde entonces, las pol\u00edticas de la mujer y su real incorporaci\u00f3n al orden estatal siempre han pendido del conocimiento y compromiso de las mujeres que han sido designadas como ministras en cada gobierno. Se podr\u00eda hasta considerar c\u00edclico el nombramiento de al menos una mujer defensora de la familia y carente de enfoque de g\u00e9nero entre las nombradas como ministra en cada periodo (como Luisa Mar\u00eda Cuculiza o Nidia V\u00edlchez). Cabe a\u00f1adir que estas gestiones son acompa\u00f1adas por la amenazante sombra del Congreso de la Rep\u00fablica y sus proyectos de ley, pues en cada periodo parlamentario, al menos un tercio de los congresistas, hombres y mujeres, est\u00e1n ah\u00ed para defender el orden social.&nbsp;<\/span><\/p>\n\n\n    <blockquote class=\"cita-avz-bloque cita-avz-derecha\">\n                    <p class=\"cita-avz-contenido\" style=\"font-size:22px;\">\u2036Hasta la fecha, se han presentado cuatro proyectos que claramente retiran la capacidad de la toma de decisiones de las mujeres sobre sus cuerpos.\u00bb<\/p>\n                            <\/blockquote>\n    \n\n\n<p><span style=\"font-weight: 400;\">Tanto Guillermo Nugent (2002) como Jeanette Llaja (2009) describen el orden policial peruano como concebido bajo un ordenamiento tutelar castrense-clerical que rige tanto las tareas de gobierno como el control de los cuerpos. En ese orden, lo sabemos muy bien, el discurso de las mujeres es percibido como un ruido ininteligible, con la incapacidad de decidir, pues la decisi\u00f3n es transmitida por la autoridad mediante una r\u00edgida cadena de mando, tal como ocurre con las organizaciones religiosas y militares. La actividad pol\u00edtica a favor de los derechos de la mujer, as\u00ed tambi\u00e9n como las actividades a favor de un estado laico y democr\u00e1tico no cesan en su objetivo de quebrar el viejo orden a favor de una real igualdad, pero el Congreso de la Rep\u00fablica anula cualquier avance mediante leyes que buscan retirar a la mujer el control sobre su cuerpo y entreg\u00e1rselo a las instituciones religiosas y organizaciones familiares que mantienen la sobre explotaci\u00f3n laboral de la mujer, y su rol casi forzoso de la reproducci\u00f3n y del cuidado parental.&nbsp;<\/span><\/p>\n\n\n\n<p><span style=\"font-weight: 400;\">Lamentablemente, el gobierno actual ha optado por defender el orden tutelar abandonando los criterios de paridad para la composici\u00f3n de integrantes del gabinete ministerial, contratando funcionarios de alto mando denunciados por actos de violencia de g\u00e9nero y ali\u00e1ndose con el tercio de congresistas en las comisiones de Educaci\u00f3n, Salud, Justicia y Derechos Humanos, para proponer leyes con el objetivo de someter a las mujeres a una maternidad sin agencia, en tanto le es retirada la capacidad de decidir si quiere ser madre o no y es transferida al concebido, que, sea como sea que haya sido concebido, tiene tantos derechos como un ni\u00f1o ya nacido. La indiferencia de los autores de estas leyes convierte en ruido el reclamo de las mujeres por el impacto que sufren en su vida por el retiro de sus derechos.&nbsp;<\/span><\/p>\n\n\n\n<p><span style=\"font-weight: 400;\">Hasta la fecha, se han presentado cuatro proyectos que claramente retiran la capacidad de la toma de decisiones de las mujeres sobre sus cuerpos. Uno de ellos est\u00e1 dirigido precisamente al desarrollo de la competencia misma para poder decidir sobre el cuerpo mismo y su sexualidad. Fue presentado por el pastor pentecostal Esdras Ricardo Medina, presidente de la Comisi\u00f3n de Educaci\u00f3n, quien propone dar el control de los materiales del sistema educativo nacional a las organizaciones religiosas familiares para eliminar la Educaci\u00f3n Sexual Integral con enfoque de g\u00e9nero del sistema educativo nacional. Tambi\u00e9n se retira su capacidad de decisi\u00f3n respecto de sus hijos en caso de separaci\u00f3n o divorcio con el proyecto de \u201cLey que regula la tenencia compartida de los ni\u00f1os y adolescentes\u201d, que obliga a la mujer a requerir de un juez para poder quitar la tenencia a padres denunciados por cualquier tipo de violencia contra ella y sus hijos.&nbsp;<\/span><\/p>\n\n\n\n<p><span style=\"font-weight: 400;\">Dos son los proyectos de ley que atentan directamente contra el derecho a poder tomar una decisi\u00f3n sobre el propio cuerpo de la mujer: el de la \u201cLey que reconoce derechos al concebido\u201d y el de \u201cProtecci\u00f3n del embarazo, de la madre gestante, del ni\u00f1o por nacer y de su entorno familiar\u201d. En el primero se llega al extremo de que en los casos en los que la vida del \u201ccuerpo gestante\u201d y del concebido est\u00e1n en peligro, compete \u201ca la madre o c\u00f3nyuge, conviviente o parientes hasta el segundo grado de consanguinidad y primero de afinidad\u201d del \u201ccuerpo gestante\u201d tomar una decisi\u00f3n sobre el procedimiento a seguir. Este proyecto, se encuentra reforzado con el presentado por la congresista Ros\u00e1ngela Barbar\u00e1n quien comparti\u00f3 en un festival su entusiasmo por la defensa del concebido: \u201cQu\u00e9 rico es saber que se puede tener una coincidencia a la hora de que nos toca defender la vida. El proyecto 1520 (&#8230;) es la \u00fanica manera de poner los candados para que ninguna ley asesina pueda pasar\u201d. Ambos proyectos est\u00e1n centrados en un principio decimon\u00f3nico, que en Per\u00fa s\u00f3lo tuvo vigencia hasta la constituci\u00f3n de 1920 (Llaja, 2009), que otorga derechos al concebido y no al ni\u00f1o que est\u00e1 por nacer.&nbsp;<\/span><\/p>\n\n\n    <blockquote class=\"cita-avz-bloque cita-avz-izquierda\">\n                    <p class=\"cita-avz-contenido\" style=\"font-size:22px;\">\u2036La defensa de los derechos de la mujer sobre su cuerpo y sus decisiones contin\u00faa pendiendo del Ministerio de la Mujer. Como se\u00f1al\u00f3 Violeta Barrientos (2022), fue desconcertante ver que una feminista aceptara el cargo en medio de un gabinete de una izquierda regionalista mayoritariamente masculino.\u00bb<\/p>\n                            <\/blockquote>\n    \n\n\n<p><span style=\"font-weight: 400;\">A la luz del principio de tutelaje castrense-clerical propuesto por Nugent podemos establecer en las autoras, autores y coautores de los proyectos al menos dos alianzas parlamentarias que se han formado y que ampl\u00edan el \u00e1mbito ideol\u00f3gico castrense m\u00e1s all\u00e1 del cuerpo militar y el clerical m\u00e1s all\u00e1 de la religi\u00f3n cat\u00f3lica. Una se da entre los docentes sindicalistas de Per\u00fa Libre, integrantes de un partido declarado marxista leninista, con la ultraderecha de Fuerza Popular, Avanza Pa\u00eds y Renovaci\u00f3n Popular, entre quienes destacan profesionales de la salud, siempre muy atentos a cumplir con las leyes m\u00e1s contrarias a los derechos de la mujer para poder decidir sobre su cuerpo. De esta forma, el \u00e1mbito castrense abarcar\u00eda desde la ideolog\u00eda docente propia de la formaci\u00f3n escolar, de perfil disciplinario y festivo militar, hasta la postura r\u00edgida y violenta de la ultraderecha golpista, que cuenta con representantes retirados de la Marina de Guerra. La otra alianza es la clerical o religiosa que se ha establecido entre pastores y creyentes de iglesias evang\u00e9licas pentecostales, que tienen como objetivo combatir y eliminar la \u00abideolog\u00eda de g\u00e9nero\u201d que cuestiona el orden natural de la familia, el hombre y la mujer, y la iglesia cat\u00f3lica m\u00e1s conservadora (Opus Dei, Sodalicio, etc.) a trav\u00e9s de asociaciones pro-vida como los grupos Parlamentarios por la Vida y la Familia que se han desarrollado en Paraguay, Guatemala, Chile y Per\u00fa.&nbsp;<\/span><\/p>\n\n\n\n<figure class=\"wp-block-image aligncenter size-full size-large wp-image-17950\"><img loading=\"lazy\" decoding=\"async\" width=\"800\" height=\"450\" src=\"https:\/\/idehpucp.pucp.edu.pe\/revista-memoria\/wp-content\/uploads\/2022\/05\/andina-800x450-1.webp\" alt=\"\" class=\"wp-image-2937\" srcset=\"https:\/\/idehpucp.pucp.edu.pe\/revista-memoria\/wp-content\/uploads\/2022\/05\/andina-800x450-1.webp 800w, https:\/\/idehpucp.pucp.edu.pe\/revista-memoria\/wp-content\/uploads\/2022\/05\/andina-800x450-1-300x169.webp 300w, https:\/\/idehpucp.pucp.edu.pe\/revista-memoria\/wp-content\/uploads\/2022\/05\/andina-800x450-1-768x432.webp 768w\" sizes=\"auto, (max-width: 800px) 100vw, 800px\" \/><figcaption class=\"wp-element-caption\">\u00abDos son los proyectos de ley que atentan directamente contra el derecho a poder tomar una decisi\u00f3n sobre el propio cuerpo de la mujer: el de la &#8216;Ley que reconoce derechos al concebido&#8217; y el de &#8216;Protecci\u00f3n del embarazo, de la madre gestante, del ni\u00f1o por nacer y de su entorno familiar&#8217;. Foto: Andina.<\/figcaption><\/figure>\n\n\n\n<p>&nbsp;<\/p>\n\n\n\n<p><span style=\"font-weight: 400;\">Mientras tanto, la defensa de los derechos de la mujer sobre su cuerpo y sus decisiones contin\u00faa pendiendo del Ministerio de la Mujer. Como se\u00f1al\u00f3 Violeta Barrientos (2022), fue desconcertante ver que una feminista aceptara el cargo en medio de un gabinete de una izquierda regionalista mayoritariamente masculino y que publica su decisi\u00f3n de invisibilizar el enfoque de g\u00e9nero. Pero como estrategia para impedir el retiro de la agencia a la mujer, de su capacidad para la toma de decisiones, sino m\u00e1s bien para fortalecerla, su presencia en el Ministerio permite que el ejecutivo rechace o enmiende los proyectos de ley contra los derechos y auspicie aquellos que como el de Ruth Luque mediante la despenalizaci\u00f3n del aborto en casos de violaci\u00f3n reconocen y ampl\u00edan el \u00e1mbito de toma de decisiones de las mujeres peruanas sobre su vida, su cuerpo, y el de sus hijos deseados.<\/span><\/p>\n\n\n\n<p><b>Referencias<\/b><\/p>\n\n\n\n<p><span style=\"font-weight: 400;\">Barrientos, Violeta (2022). El feminismo en el Per\u00fa : incertidumbres y urgencia. <\/span><i><span style=\"font-weight: 400;\">Revista Ideele<\/span><\/i><span style=\"font-weight: 400;\"> N\u00b0302. Febrero \u2013 Marzo. <\/span><a href=\"https:\/\/www.revistaideele.com\/2022\/03\/01\/el-feminismo-en-el-peru-incertidumbres-y-urgencia\/\" target=\"_blank\" rel=\"noopener\"><span style=\"font-weight: 400;\">https:\/\/www.revistaideele.com\/2022\/03\/01\/el-feminismo-en-el-peru-incertidumbres-y-urgencia\/<\/span><\/a><span style=\"font-weight: 400;\">&nbsp;<\/span><\/p>\n\n\n\n<p><span style=\"font-weight: 400;\">Defensor\u00eda del Pueblo (2002). <\/span><i><span style=\"font-weight: 400;\">La aplicaci\u00f3n de la anticoncepci\u00f3n quir\u00fargica y los derechos reproductivos III. Casos investigados por la Defensor\u00eda del Pueblo<\/span><\/i><span style=\"font-weight: 400;\">. Serie Informes Defensoriales Informe N\u00ba 69. Lima, Defensor\u00eda del Pueblo<\/span><\/p>\n\n\n\n<p><span style=\"font-weight: 400;\">Llaja, Jeanette (2009). <\/span><i><span style=\"font-weight: 400;\">El Derecho a la vida del Concebido: la regulaci\u00f3n constitucional del aborto. Una mirada al proceso constitucional de 1979 y 1993<\/span><\/i><span style=\"font-weight: 400;\">. Lima, Demus<\/span><\/p>\n\n\n\n<p><span style=\"font-weight: 400;\">Nugent, Guillermo (2002). Del perd\u00f3n a la tolerancia. Una cr\u00edtica de la cultura p\u00fablica del tutelaje. En: <\/span><i><span style=\"font-weight: 400;\">XYX. Iguales pero Diferentes<\/span><\/i><span style=\"font-weight: 400;\">. A\u00f1o 3 Nro. 7. Lima, Demus. pp. 4<\/span><\/p>\n\n\n\n<p><span style=\"font-weight: 400;\">Per\u00fa21 (2021). Presentan proyecto que promueve la protecci\u00f3n del embarazo y madre gestante. Lima, actualizado el 27\/03\/2022 01:10 p.m. <\/span><a href=\"https:\/\/peru21.pe\/lima\/presentan-proyecto-de-ley-que-promueve-la-proteccion-del-embarazo-y-de-la-madre-gestante-rmmn-noticia\/\" target=\"_blank\" rel=\"noopener\"><span style=\"font-weight: 400;\">https:\/\/peru21.pe\/lima\/presentan-proyecto-de-ley-que-promueve-la-proteccion-del-embarazo-y-de-la-madre-gestante-rmmn-noticia\/<\/span><\/a><\/p>\n\n\n\n<p><span style=\"font-weight: 400;\">Ranci\u00e8re, Jacques (1996). <\/span><i><span style=\"font-weight: 400;\">El desacuerdo. Pol\u00edtica y filosof\u00eda<\/span><\/i><span style=\"font-weight: 400;\">. Buenos Aires, Ediciones Nueva Visi\u00f3n<\/span><\/p>\n","protected":false},"excerpt":{"rendered":"<p>Resumen: Este art\u00edculo gira en torno a la condici\u00f3n social de las mujeres en un orden tutelar en el que, desde hace d\u00e9cadas, sus voces son ignoradas. Brinda un an\u00e1lisis de los intentos de avance en materia de g\u00e9nero desde la Constituci\u00f3n Pol\u00edtica de 1979 hasta la actualidad que, si bien visibilizaron algunas de las [&hellip;]<\/p>\n","protected":false},"author":6,"featured_media":2943,"comment_status":"open","ping_status":"open","sticky":false,"template":"","format":"standard","meta":{"_acf_changed":false,"_uag_custom_page_level_css":"","_swt_meta_header_display":false,"_swt_meta_footer_display":false,"_swt_meta_site_title_display":false,"_swt_meta_sticky_header":false,"_swt_meta_transparent_header":false,"footnotes":""},"categories":[6],"tags":[],"tema":[21],"class_list":["post-1396","post","type-post","status-publish","format-standard","has-post-thumbnail","hentry","category-articulo","tema-genero"],"acf":[],"spectra_custom_meta":{"_wp_page_template":["default"],"autor_art":["1013"],"resumen":[""],"nombre_del_contribuidor":[""],"rol_del_contribuidor":[""],"mensaje_del_contribuidor":[""],"escoge_la_edicion_a_la_que_pertenece":["a:1:{i:0;s:4:\"1171\";}"],"_edit_lock":["1745527486:1"],"_edit_last":["1"],"_autor_art":["field_67fe99bdf91d1"],"_resumen":["field_67ffcf88b7ce3"],"_escoge_la_edicion_a_la_que_pertenece":["field_67ffcfcd7b5fd"],"_wp_old_date":["2025-04-15"],"destacado":["0"],"_destacado":["0"],"galeria_de_imagenes":[""],"_galeria_de_imagenes":["field_6807a8d2e683c"],"autor_sobre_texto":[""],"_autor_sobre_texto":["field_68016e45ee6ec"],"descripcion_sobre_texto":[""],"_descripcion_sobre_texto":["field_68016f2ea1b99"],"post_destacado":["0"],"_post_destacado":["field_6807f03ec85db"],"_uag_custom_page_level_css":[""],"_swt_meta_header_display":[""],"_swt_meta_footer_display":[""],"_swt_meta_site_title_display":[""],"_swt_meta_sticky_header":[""],"_swt_meta_transparent_header":[""],"footnotes":[""],"_thumbnail_id":["2943"],"rank_math_internal_links_processed":["1"],"_uag_css_file_name":["uag-css-1396.css"],"_uag_js_file_name":["uag-js-1396.js"]},"uagb_featured_image_src":{"full":["https:\/\/idehpucp.pucp.edu.pe\/revista-memoria\/wp-content\/uploads\/2022\/05\/el-periodico-1.webp",1200,675,false],"thumbnail":["https:\/\/idehpucp.pucp.edu.pe\/revista-memoria\/wp-content\/uploads\/2022\/05\/el-periodico-1-150x150.webp",150,150,true],"medium":["https:\/\/idehpucp.pucp.edu.pe\/revista-memoria\/wp-content\/uploads\/2022\/05\/el-periodico-1-300x169.webp",300,169,true],"medium_large":["https:\/\/idehpucp.pucp.edu.pe\/revista-memoria\/wp-content\/uploads\/2022\/05\/el-periodico-1-768x432.webp",768,432,true],"large":["https:\/\/idehpucp.pucp.edu.pe\/revista-memoria\/wp-content\/uploads\/2022\/05\/el-periodico-1-1024x576.webp",1024,576,true],"1536x1536":["https:\/\/idehpucp.pucp.edu.pe\/revista-memoria\/wp-content\/uploads\/2022\/05\/el-periodico-1.webp",1200,675,false],"2048x2048":["https:\/\/idehpucp.pucp.edu.pe\/revista-memoria\/wp-content\/uploads\/2022\/05\/el-periodico-1.webp",1200,675,false]},"uagb_author_info":{"display_name":"Direcci\u00f3n de Comunicaci\u00f3n Institucional","author_link":"https:\/\/idehpucp.pucp.edu.pe\/revista-memoria\/author\/urvmemoria\/"},"uagb_comment_info":0,"uagb_excerpt":"Resumen: Este art\u00edculo gira en torno a la condici\u00f3n social de las mujeres en un orden tutelar en el que, desde hace d\u00e9cadas, sus voces son ignoradas. Brinda un an\u00e1lisis de los intentos de avance en materia de g\u00e9nero desde la Constituci\u00f3n Pol\u00edtica de 1979 hasta la actualidad que, si bien visibilizaron algunas de las&hellip;","_links":{"self":[{"href":"https:\/\/idehpucp.pucp.edu.pe\/revista-memoria\/wp-json\/wp\/v2\/posts\/1396","targetHints":{"allow":["GET"]}}],"collection":[{"href":"https:\/\/idehpucp.pucp.edu.pe\/revista-memoria\/wp-json\/wp\/v2\/posts"}],"about":[{"href":"https:\/\/idehpucp.pucp.edu.pe\/revista-memoria\/wp-json\/wp\/v2\/types\/post"}],"author":[{"embeddable":true,"href":"https:\/\/idehpucp.pucp.edu.pe\/revista-memoria\/wp-json\/wp\/v2\/users\/6"}],"replies":[{"embeddable":true,"href":"https:\/\/idehpucp.pucp.edu.pe\/revista-memoria\/wp-json\/wp\/v2\/comments?post=1396"}],"version-history":[{"count":7,"href":"https:\/\/idehpucp.pucp.edu.pe\/revista-memoria\/wp-json\/wp\/v2\/posts\/1396\/revisions"}],"predecessor-version":[{"id":2939,"href":"https:\/\/idehpucp.pucp.edu.pe\/revista-memoria\/wp-json\/wp\/v2\/posts\/1396\/revisions\/2939"}],"wp:featuredmedia":[{"embeddable":true,"href":"https:\/\/idehpucp.pucp.edu.pe\/revista-memoria\/wp-json\/wp\/v2\/media\/2943"}],"wp:attachment":[{"href":"https:\/\/idehpucp.pucp.edu.pe\/revista-memoria\/wp-json\/wp\/v2\/media?parent=1396"}],"wp:term":[{"taxonomy":"category","embeddable":true,"href":"https:\/\/idehpucp.pucp.edu.pe\/revista-memoria\/wp-json\/wp\/v2\/categories?post=1396"},{"taxonomy":"post_tag","embeddable":true,"href":"https:\/\/idehpucp.pucp.edu.pe\/revista-memoria\/wp-json\/wp\/v2\/tags?post=1396"},{"taxonomy":"tema","embeddable":true,"href":"https:\/\/idehpucp.pucp.edu.pe\/revista-memoria\/wp-json\/wp\/v2\/tema?post=1396"}],"curies":[{"name":"wp","href":"https:\/\/api.w.org\/{rel}","templated":true}]}}