{"id":1452,"date":"2024-05-08T15:33:10","date_gmt":"2024-05-08T20:33:10","guid":{"rendered":"https:\/\/idehpucp.pucp.edu.pe\/revista-memoria\/crimenes-silenciados\/"},"modified":"2025-04-23T09:58:16","modified_gmt":"2025-04-23T14:58:16","slug":"crimenes-silenciados","status":"publish","type":"post","link":"https:\/\/idehpucp.pucp.edu.pe\/revista-memoria\/crimenes-silenciados\/","title":{"rendered":"Cr\u00edmenes silenciados"},"content":{"rendered":"<p>Los discursos de odio tienen un\u00a0<a href=\"https:\/\/unesdoc.unesco.org\/ark:\/48223\/pf0000233231\" target=\"_blank\" rel=\"noopener\">doble efecto<\/a>: por un lado,\u00a0<b>disminuyen o deshumanizan\u00a0<\/b>a su objetivo; por otro, permiten que aquellos que piensan igual refuercen la sensaci\u00f3n de que\u00a0<b>no est\u00e1n solos<\/b>. En Per\u00fa, pol\u00edticos, l\u00edderes religiosos, prensa y ciudadanos promueven este tipo de mensajes contra\u00a0<b>personas\u00a0LGBTI<\/b>.<\/p>\n<p>Durante los a\u00f1os del terrorismo la incitaci\u00f3n al odio contra las personas LGBTI escal\u00f3. Los grupos subversivos\u00a0<b>persiguieron, torturaron y ejecutaron\u00a0<\/b>a un n\u00famero no calculado de mujeres trans y homosexuales en la selva peruana, por considerarlas<b>\u00a0inmorales para la sociedad<\/b>. Cr\u00edmenes que seg\u00fan la\u00a0<a href=\"https:\/\/www.oas.org\/es\/cidh\/informes\/pdfs\/violenciapersonaslgbti.pdf\" target=\"_blank\" rel=\"noopener\">CIDH<\/a>\u00a0clasifican como violencia por\u00a0prejuicio.<\/p>\n<p>El Estado peruano\u00a0<b>no ha investigado<\/b>\u00a0la dimensi\u00f3n del odio. No sabe cu\u00e1ntas fueron las v\u00edctimas LGBTI en la Amazon\u00eda. Este reportaje recoge\u00a0<b>testimonios in\u00e9ditos<\/b>\u00a0de personas trans y homosexuales que resistieron a los a\u00f1os del terror, pero tambi\u00e9n narra la continuidad de la violencia contra los colectivos de la diversidad sexual a manos de<b>\u00a0nuevos\u00a0verdugos<\/b>.<\/p>\n<p>Puede encontrar m\u00e1s informaci\u00f3n al respecto en la web <a href=\"https:\/\/crimenes-silenciados.com\" target=\"_blank\" rel=\"noopener\">https:\/\/crimenes-silenciados.com<\/a><\/p>\n","protected":false},"excerpt":{"rendered":"<p>Los discursos de odio tienen un\u00a0doble efecto: por un lado,\u00a0disminuyen o deshumanizan\u00a0a su objetivo; por otro, permiten que aquellos que piensan igual refuercen la sensaci\u00f3n de que\u00a0no est\u00e1n solos. En Per\u00fa, pol\u00edticos, l\u00edderes religiosos, prensa y ciudadanos promueven este tipo de mensajes contra\u00a0personas\u00a0LGBTI. Durante los a\u00f1os del terrorismo la incitaci\u00f3n al odio contra las personas [&hellip;]<\/p>\n","protected":false},"author":6,"featured_media":2302,"comment_status":"open","ping_status":"open","sticky":false,"template":"wp-custom-template-prueba-portafolio","format":"standard","meta":{"_acf_changed":false,"_uag_custom_page_level_css":"","_swt_meta_header_display":false,"_swt_meta_footer_display":false,"_swt_meta_site_title_display":false,"_swt_meta_sticky_header":false,"_swt_meta_transparent_header":false,"footnotes":""},"categories":[8],"tags":[64,59,65],"tema":[],"class_list":["post-1452","post","type-post","status-publish","format-standard","has-post-thumbnail","hentry","category-portafolio","tag-comunidad-lgbti","tag-conflicto-armado-interno","tag-discursos-de-odio"],"acf":[],"spectra_custom_meta":{"_wp_page_template":["wp-custom-template-prueba-portafolio"],"autor_art":["1074"],"resumen":["Fotoreportaje sobre los cr\u00edmenes cometidos contra la comunidad LGTBIQ+ durante el periodo de violencia interna en el pa\u00eds."],"nombre_del_contribuidor":["Marco Garro"],"rol_del_contribuidor":[""],"mensaje_del_contribuidor":["Narrador independiente peruano que utiliza la fotograf\u00eda, video y multimedia para enfocarse en temas sociales y ambientales en su pa\u00eds natal, Per\u00fa. Complet\u00f3 un programa de maestr\u00eda, Mal de Foco, en el Centro de la Imagen de Lima. \nActualmente es National Geographic Explorer y es becario del Pulitzer Center. Recibi\u00f3 la Residencia de Fotograf\u00eda \u201cMus\u00e9e du Quai Branly - Jacques Chirac\u201d, y obtuvo el primer lugar en \u201cel Sal\u00f3n de Fotograf\u00eda\" del Instituto Cultural Peruano Norteamericano en Lima (Per\u00fa). Garro tambi\u00e9n recibi\u00f3 en tres a\u00f1os, 2016, 2018 y 2024 el primer lugar en la organizaci\u00f3n de prensa IPYS, Per\u00fa, como mejor proyecto de fotograf\u00eda. Garro ha tenido una exposici\u00f3n individual en el Museo de Arte Contempor\u00e1neo de Per\u00fa, y ha sido parte de varias exposiciones colectivas en festivales y exposiciones en museos como Brasil, Espa\u00f1a, Guatemala, Reino Unido y Estados Unidos. Durante su carrera ha trabajado en diarios locales en Per\u00fa y colabor\u00f3 en Deutsche Presse Agentur y Agency France Press en Per\u00fa. Sus fotograf\u00edas han sido publicadas en The New York Times, The Guardian, Financial Times, Internazionale, El Pa\u00eds, entre otros."],"escoge_la_edicion_a_la_que_pertenece":["a:1:{i:0;s:4:\"1183\";}"],"_edit_lock":["1746725254:1"],"_thumbnail_id":["2302"],"_edit_last":["1"],"_autor_art":["field_67fe99bdf91d1"],"_resumen":["field_67ffcf88b7ce3"],"_escoge_la_edicion_a_la_que_pertenece":["field_67ffcfcd7b5fd"],"galeria_imagenes":["a:27:{i:1622;s:80:\"https:\/\/idehpucp.pucp.edu.pe\/revista-memoria\/wp-content\/uploads\/2025\/04\/1-1.webp\";i:1623;s:95:\"https:\/\/idehpucp.pucp.edu.pe\/revista-memoria\/wp-content\/uploads\/2025\/04\/2-e1715200246605-1.webp\";i:1624;s:93:\"https:\/\/idehpucp.pucp.edu.pe\/revista-memoria\/wp-content\/uploads\/2025\/04\/3-e1715200273917.webp\";i:1625;s:78:\"https:\/\/idehpucp.pucp.edu.pe\/revista-memoria\/wp-content\/uploads\/2025\/04\/4.webp\";i:1626;s:80:\"https:\/\/idehpucp.pucp.edu.pe\/revista-memoria\/wp-content\/uploads\/2025\/04\/5-1.webp\";i:1627;s:78:\"https:\/\/idehpucp.pucp.edu.pe\/revista-memoria\/wp-content\/uploads\/2025\/04\/6.webp\";i:1628;s:78:\"https:\/\/idehpucp.pucp.edu.pe\/revista-memoria\/wp-content\/uploads\/2025\/04\/7.webp\";i:1629;s:78:\"https:\/\/idehpucp.pucp.edu.pe\/revista-memoria\/wp-content\/uploads\/2025\/04\/8.webp\";i:1630;s:78:\"https:\/\/idehpucp.pucp.edu.pe\/revista-memoria\/wp-content\/uploads\/2025\/04\/9.webp\";i:1631;s:81:\"https:\/\/idehpucp.pucp.edu.pe\/revista-memoria\/wp-content\/uploads\/2025\/04\/10-1.webp\";i:1632;s:79:\"https:\/\/idehpucp.pucp.edu.pe\/revista-memoria\/wp-content\/uploads\/2025\/04\/11.webp\";i:1636;s:79:\"https:\/\/idehpucp.pucp.edu.pe\/revista-memoria\/wp-content\/uploads\/2025\/04\/12.webp\";i:1633;s:79:\"https:\/\/idehpucp.pucp.edu.pe\/revista-memoria\/wp-content\/uploads\/2025\/04\/13.webp\";i:1634;s:79:\"https:\/\/idehpucp.pucp.edu.pe\/revista-memoria\/wp-content\/uploads\/2025\/04\/14.webp\";i:1635;s:79:\"https:\/\/idehpucp.pucp.edu.pe\/revista-memoria\/wp-content\/uploads\/2025\/04\/15.webp\";i:1637;s:79:\"https:\/\/idehpucp.pucp.edu.pe\/revista-memoria\/wp-content\/uploads\/2025\/04\/16.webp\";i:1607;s:79:\"https:\/\/idehpucp.pucp.edu.pe\/revista-memoria\/wp-content\/uploads\/2025\/04\/17.webp\";i:1608;s:79:\"https:\/\/idehpucp.pucp.edu.pe\/revista-memoria\/wp-content\/uploads\/2025\/04\/18.webp\";i:1609;s:79:\"https:\/\/idehpucp.pucp.edu.pe\/revista-memoria\/wp-content\/uploads\/2025\/04\/19.webp\";i:1610;s:79:\"https:\/\/idehpucp.pucp.edu.pe\/revista-memoria\/wp-content\/uploads\/2025\/04\/20.webp\";i:1611;s:79:\"https:\/\/idehpucp.pucp.edu.pe\/revista-memoria\/wp-content\/uploads\/2025\/04\/21.webp\";i:1612;s:79:\"https:\/\/idehpucp.pucp.edu.pe\/revista-memoria\/wp-content\/uploads\/2025\/04\/22.webp\";i:1613;s:79:\"https:\/\/idehpucp.pucp.edu.pe\/revista-memoria\/wp-content\/uploads\/2025\/04\/23.webp\";i:1614;s:79:\"https:\/\/idehpucp.pucp.edu.pe\/revista-memoria\/wp-content\/uploads\/2025\/04\/24.webp\";i:1615;s:79:\"https:\/\/idehpucp.pucp.edu.pe\/revista-memoria\/wp-content\/uploads\/2025\/04\/25.webp\";i:1616;s:79:\"https:\/\/idehpucp.pucp.edu.pe\/revista-memoria\/wp-content\/uploads\/2025\/04\/26.webp\";i:1617;s:79:\"https:\/\/idehpucp.pucp.edu.pe\/revista-memoria\/wp-content\/uploads\/2025\/04\/27.webp\";}"],"_uag_custom_page_level_css":[""],"_swt_meta_header_display":[""],"_swt_meta_footer_display":[""],"_swt_meta_site_title_display":[""],"_swt_meta_sticky_header":[""],"_swt_meta_transparent_header":[""],"footnotes":[""],"_wp_old_date":["2025-04-15"],"autor_sobre_texto":["a:1:{i:0;s:4:\"1074\";}"],"_autor_sobre_texto":["field_68016e45ee6ec"],"descripcion_sobre_texto":["Fotoreportaje sobre los cr\u00edmenes cometidos contra la comunidad LGTBIQ+ durante el periodo de violencia interna en el pa\u00eds."],"_descripcion_sobre_texto":["field_68016f2ea1b99"],"_":["field_6807c46da6793"],"destacado":["0"],"_destacado":["0"],"galeria_de_imagenes":["a:27:{i:0;s:4:\"2302\";i:1;s:4:\"2303\";i:2;s:4:\"2304\";i:3;s:4:\"2305\";i:4;s:4:\"2306\";i:5;s:4:\"2307\";i:6;s:4:\"2308\";i:7;s:4:\"2309\";i:8;s:4:\"2310\";i:9;s:4:\"2311\";i:10;s:4:\"2312\";i:11;s:4:\"2313\";i:12;s:4:\"2314\";i:13;s:4:\"2315\";i:14;s:4:\"2316\";i:15;s:4:\"2317\";i:16;s:4:\"2318\";i:17;s:4:\"2319\";i:18;s:4:\"2320\";i:19;s:4:\"2321\";i:20;s:4:\"2322\";i:21;s:4:\"2323\";i:22;s:4:\"2324\";i:23;s:4:\"2325\";i:24;s:4:\"2326\";i:25;s:4:\"2327\";i:26;s:4:\"2328\";}"],"_galeria_de_imagenes":["field_6807a8d2e683c"],"post_destacado":["0"],"_post_destacado":["field_6807f03ec85db"],"rank_math_internal_links_processed":["1"],"_uag_css_file_name":["uag-css-1452.css"],"_uag_js_file_name":["uag-js-1452.js"]},"uagb_featured_image_src":{"full":["https:\/\/idehpucp.pucp.edu.pe\/revista-memoria\/wp-content\/uploads\/2024\/05\/crimenes-1.webp",1140,760,false],"thumbnail":["https:\/\/idehpucp.pucp.edu.pe\/revista-memoria\/wp-content\/uploads\/2024\/05\/crimenes-1-150x150.webp",150,150,true],"medium":["https:\/\/idehpucp.pucp.edu.pe\/revista-memoria\/wp-content\/uploads\/2024\/05\/crimenes-1-300x200.webp",300,200,true],"medium_large":["https:\/\/idehpucp.pucp.edu.pe\/revista-memoria\/wp-content\/uploads\/2024\/05\/crimenes-1-768x512.webp",768,512,true],"large":["https:\/\/idehpucp.pucp.edu.pe\/revista-memoria\/wp-content\/uploads\/2024\/05\/crimenes-1-1024x683.webp",1024,683,true],"1536x1536":["https:\/\/idehpucp.pucp.edu.pe\/revista-memoria\/wp-content\/uploads\/2024\/05\/crimenes-1.webp",1140,760,false],"2048x2048":["https:\/\/idehpucp.pucp.edu.pe\/revista-memoria\/wp-content\/uploads\/2024\/05\/crimenes-1.webp",1140,760,false]},"uagb_author_info":{"display_name":"Direcci\u00f3n de Comunicaci\u00f3n Institucional","author_link":"https:\/\/idehpucp.pucp.edu.pe\/revista-memoria\/author\/urvmemoria\/"},"uagb_comment_info":0,"uagb_excerpt":"Los discursos de odio tienen un\u00a0doble efecto: por un lado,\u00a0disminuyen o deshumanizan\u00a0a su objetivo; por otro, permiten que aquellos que piensan igual refuercen la sensaci\u00f3n de que\u00a0no est\u00e1n solos. En Per\u00fa, pol\u00edticos, l\u00edderes religiosos, prensa y ciudadanos promueven este tipo de mensajes contra\u00a0personas\u00a0LGBTI. Durante los a\u00f1os del terrorismo la incitaci\u00f3n al odio contra las personas&hellip;","_links":{"self":[{"href":"https:\/\/idehpucp.pucp.edu.pe\/revista-memoria\/wp-json\/wp\/v2\/posts\/1452","targetHints":{"allow":["GET"]}}],"collection":[{"href":"https:\/\/idehpucp.pucp.edu.pe\/revista-memoria\/wp-json\/wp\/v2\/posts"}],"about":[{"href":"https:\/\/idehpucp.pucp.edu.pe\/revista-memoria\/wp-json\/wp\/v2\/types\/post"}],"author":[{"embeddable":true,"href":"https:\/\/idehpucp.pucp.edu.pe\/revista-memoria\/wp-json\/wp\/v2\/users\/6"}],"replies":[{"embeddable":true,"href":"https:\/\/idehpucp.pucp.edu.pe\/revista-memoria\/wp-json\/wp\/v2\/comments?post=1452"}],"version-history":[{"count":8,"href":"https:\/\/idehpucp.pucp.edu.pe\/revista-memoria\/wp-json\/wp\/v2\/posts\/1452\/revisions"}],"predecessor-version":[{"id":2329,"href":"https:\/\/idehpucp.pucp.edu.pe\/revista-memoria\/wp-json\/wp\/v2\/posts\/1452\/revisions\/2329"}],"wp:featuredmedia":[{"embeddable":true,"href":"https:\/\/idehpucp.pucp.edu.pe\/revista-memoria\/wp-json\/wp\/v2\/media\/2302"}],"wp:attachment":[{"href":"https:\/\/idehpucp.pucp.edu.pe\/revista-memoria\/wp-json\/wp\/v2\/media?parent=1452"}],"wp:term":[{"taxonomy":"category","embeddable":true,"href":"https:\/\/idehpucp.pucp.edu.pe\/revista-memoria\/wp-json\/wp\/v2\/categories?post=1452"},{"taxonomy":"post_tag","embeddable":true,"href":"https:\/\/idehpucp.pucp.edu.pe\/revista-memoria\/wp-json\/wp\/v2\/tags?post=1452"},{"taxonomy":"tema","embeddable":true,"href":"https:\/\/idehpucp.pucp.edu.pe\/revista-memoria\/wp-json\/wp\/v2\/tema?post=1452"}],"curies":[{"name":"wp","href":"https:\/\/api.w.org\/{rel}","templated":true}]}}